{"id":57179,"date":"2024-09-11T11:00:00","date_gmt":"2024-09-11T11:00:00","guid":{"rendered":"https:\/\/www.cal.org.pe\/v1\/?p=57179"},"modified":"2024-09-12T15:17:02","modified_gmt":"2024-09-12T15:17:02","slug":"aviso-visita-el-topico-del-colegio-de-abogados-de-lima","status":"publish","type":"post","link":"https:\/\/www.cal.org.pe\/v1\/2024\/09\/11\/aviso-visita-el-topico-del-colegio-de-abogados-de-lima\/","title":{"rendered":"AVISO | Visita el T\u00f3pico del Colegio de Abogados de Lima"},"content":{"rendered":"\n<figure class=\"wp-block-image size-large\"><img fetchpriority=\"high\" decoding=\"async\" width=\"1024\" height=\"1024\" src=\"https:\/\/www.cal.org.pe\/v1\/wp-content\/uploads\/2024\/09\/GRA-VISITA-TOPICO-1024x1024.png\" alt=\"\" class=\"wp-image-57180\" srcset=\"https:\/\/www.cal.org.pe\/v1\/wp-content\/uploads\/2024\/09\/GRA-VISITA-TOPICO-1024x1024.png 1024w, https:\/\/www.cal.org.pe\/v1\/wp-content\/uploads\/2024\/09\/GRA-VISITA-TOPICO-300x300.png 300w, https:\/\/www.cal.org.pe\/v1\/wp-content\/uploads\/2024\/09\/GRA-VISITA-TOPICO-150x150.png 150w, https:\/\/www.cal.org.pe\/v1\/wp-content\/uploads\/2024\/09\/GRA-VISITA-TOPICO-768x768.png 768w, https:\/\/www.cal.org.pe\/v1\/wp-content\/uploads\/2024\/09\/GRA-VISITA-TOPICO.png 1200w\" sizes=\"(max-width: 1024px) 100vw, 1024px\" \/><\/figure>\n\n\n\n<p><img decoding=\"async\" height=\"16\" width=\"16\" alt=\"\ud83d\udce2\" src=\"https:\/\/static.xx.fbcdn.net\/images\/emoji.php\/v9\/t39\/1\/16\/1f4e2.png\"> \u00a1Atenci\u00f3n, agremiados! <img decoding=\"async\" height=\"16\" width=\"16\" alt=\"\ud83c\udfe5\" src=\"https:\/\/static.xx.fbcdn.net\/images\/emoji.php\/v9\/t7b\/1\/16\/1f3e5.png\"> Te invitamos a visitar el T\u00f3pico del CAL, donde podr\u00e1s recibir atenci\u00f3n m\u00e9dica y cuidar de tu salud.<\/p>\n\n\n\n<p><img loading=\"lazy\" decoding=\"async\" height=\"16\" width=\"16\" alt=\"\ud83d\uddd3\ufe0f\" src=\"https:\/\/static.xx.fbcdn.net\/images\/emoji.php\/v9\/t5c\/1\/16\/1f5d3.png\"> D\u00edas de atenci\u00f3n: Martes y jueves<\/p>\n\n\n\n<p><img loading=\"lazy\" decoding=\"async\" height=\"16\" width=\"16\" alt=\"\u23f0\" src=\"https:\/\/static.xx.fbcdn.net\/images\/emoji.php\/v9\/t34\/1\/16\/23f0.png\"> Horario: De 9 a.m. a 1 p.m.<\/p>\n\n\n\n<p><img loading=\"lazy\" decoding=\"async\" height=\"16\" width=\"16\" alt=\"\ud83d\udccd\" src=\"https:\/\/static.xx.fbcdn.net\/images\/emoji.php\/v9\/t2d\/1\/16\/1f4cd.png\"> Direcci\u00f3n: Av. Santa Cruz 255, Miraflores<\/p>\n\n\n\n<p><img loading=\"lazy\" decoding=\"async\" height=\"16\" width=\"16\" alt=\"\ud83d\udc68\u200d\u2695\ufe0f\" src=\"https:\/\/static.xx.fbcdn.net\/images\/emoji.php\/v9\/t5c\/1\/16\/1f468_200d_2695.png\"><a><\/a>A cargo: Dr. Jos\u00e9 Mart\u00edn Guerra Huancahuire, M\u00e9dico General<\/p>\n\n\n\n<p>El servicio est\u00e1 dirigido exclusivamente a agremiados y trabajadores del Colegio de Abogados de Lima. No olvides agendar tu cita y aprovechar este beneficio de bienestar.<\/p>\n\n\n\n<p><img loading=\"lazy\" decoding=\"async\" height=\"16\" width=\"16\" alt=\"\ud83d\udcde\" src=\"https:\/\/static.xx.fbcdn.net\/images\/emoji.php\/v9\/t4d\/1\/16\/1f4de.png\"> Informes y consultas: 941 432 722<\/p>\n\n\n\n<p>\u00a1Tu salud es lo m\u00e1s importante! <img loading=\"lazy\" decoding=\"async\" height=\"16\" width=\"16\" alt=\"\ud83d\udcaa\" src=\"https:\/\/static.xx.fbcdn.net\/images\/emoji.php\/v9\/t6c\/1\/16\/1f4aa.png\"><img loading=\"lazy\" decoding=\"async\" height=\"16\" width=\"16\" alt=\"\ud83d\udc69\u200d\u2695\ufe0f\" src=\"https:\/\/static.xx.fbcdn.net\/images\/emoji.php\/v9\/t9d\/1\/16\/1f469_200d_2695.png\"><img loading=\"lazy\" decoding=\"async\" height=\"16\" width=\"16\" alt=\"\ud83d\udc68\u200d\u2695\ufe0f\" src=\"https:\/\/static.xx.fbcdn.net\/images\/emoji.php\/v9\/t5c\/1\/16\/1f468_200d_2695.png\"><\/p>\n","protected":false},"excerpt":{"rendered":"<p>\u00a1Atenci\u00f3n, agremiados! Te invitamos a visitar el T\u00f3pico del CAL, donde podr\u00e1s recibir atenci\u00f3n m\u00e9dica y cuidar de tu salud. D\u00edas de atenci\u00f3n: Martes y jueves Horario: De 9 a.m. a 1 p.m. Direcci\u00f3n: Av. Santa Cruz 255, Miraflores A cargo: Dr. Jos\u00e9 Mart\u00edn Guerra Huancahuire, M\u00e9dico General El servicio est\u00e1 dirigido exclusivamente a agremiados y trabajadores del Colegio de Abogados de Lima. No olvides agendar tu cita y aprovechar este beneficio de bienestar. Informes y consultas: 941 432 722 \u00a1Tu salud es lo m\u00e1s importante!<\/p>\n","protected":false},"author":1,"featured_media":55864,"comment_status":"closed","ping_status":"open","sticky":false,"template":"","format":"standard","meta":{"pagelayer_contact_templates":[],"_pagelayer_content":"","footnotes":""},"categories":[21],"tags":[],"class_list":["post-57179","post","type-post","status-publish","format-standard","has-post-thumbnail","hentry","category-direccion-de-bienestar-social"],"rttpg_featured_image_url":{"full":["https:\/\/www.cal.org.pe\/v1\/wp-content\/uploads\/2024\/08\/AVISOS-7.jpg",800,500,false],"landscape":["https:\/\/www.cal.org.pe\/v1\/wp-content\/uploads\/2024\/08\/AVISOS-7.jpg",800,500,false],"portraits":["https:\/\/www.cal.org.pe\/v1\/wp-content\/uploads\/2024\/08\/AVISOS-7.jpg",800,500,false],"thumbnail":["https:\/\/www.cal.org.pe\/v1\/wp-content\/uploads\/2024\/08\/AVISOS-7-150x150.jpg",150,150,true],"medium":["https:\/\/www.cal.org.pe\/v1\/wp-content\/uploads\/2024\/08\/AVISOS-7-300x188.jpg",300,188,true],"large":["https:\/\/www.cal.org.pe\/v1\/wp-content\/uploads\/2024\/08\/AVISOS-7.jpg",800,500,false],"1536x1536":["https:\/\/www.cal.org.pe\/v1\/wp-content\/uploads\/2024\/08\/AVISOS-7.jpg",800,500,false],"2048x2048":["https:\/\/www.cal.org.pe\/v1\/wp-content\/uploads\/2024\/08\/AVISOS-7.jpg",800,500,false]},"rttpg_author":{"display_name":"Prensa","author_link":"https:\/\/www.cal.org.pe\/v1\/author\/alexsoriano1234live-com\/"},"rttpg_comment":0,"rttpg_category":"<a href=\"https:\/\/www.cal.org.pe\/v1\/category\/direccion-de-bienestar-social\/\" rel=\"category tag\">Direcci\u00f3n de Bienestar Social<\/a>","rttpg_excerpt":"\u00a1Atenci\u00f3n, agremiados! Te invitamos a visitar el T\u00f3pico del CAL, donde podr\u00e1s recibir atenci\u00f3n m\u00e9dica y cuidar de tu salud. D\u00edas de atenci\u00f3n: Martes y jueves Horario: De 9 a.m. a 1 p.m. Direcci\u00f3n: Av. Santa Cruz 255, Miraflores A cargo: Dr. Jos\u00e9 Mart\u00edn Guerra Huancahuire, M\u00e9dico General El servicio est\u00e1 dirigido exclusivamente a agremiados&hellip;","_links":{"self":[{"href":"https:\/\/www.cal.org.pe\/v1\/wp-json\/wp\/v2\/posts\/57179","targetHints":{"allow":["GET"]}}],"collection":[{"href":"https:\/\/www.cal.org.pe\/v1\/wp-json\/wp\/v2\/posts"}],"about":[{"href":"https:\/\/www.cal.org.pe\/v1\/wp-json\/wp\/v2\/types\/post"}],"author":[{"embeddable":true,"href":"https:\/\/www.cal.org.pe\/v1\/wp-json\/wp\/v2\/users\/1"}],"replies":[{"embeddable":true,"href":"https:\/\/www.cal.org.pe\/v1\/wp-json\/wp\/v2\/comments?post=57179"}],"version-history":[{"count":1,"href":"https:\/\/www.cal.org.pe\/v1\/wp-json\/wp\/v2\/posts\/57179\/revisions"}],"predecessor-version":[{"id":57187,"href":"https:\/\/www.cal.org.pe\/v1\/wp-json\/wp\/v2\/posts\/57179\/revisions\/57187"}],"wp:featuredmedia":[{"embeddable":true,"href":"https:\/\/www.cal.org.pe\/v1\/wp-json\/wp\/v2\/media\/55864"}],"wp:attachment":[{"href":"https:\/\/www.cal.org.pe\/v1\/wp-json\/wp\/v2\/media?parent=57179"}],"wp:term":[{"taxonomy":"category","embeddable":true,"href":"https:\/\/www.cal.org.pe\/v1\/wp-json\/wp\/v2\/categories?post=57179"},{"taxonomy":"post_tag","embeddable":true,"href":"https:\/\/www.cal.org.pe\/v1\/wp-json\/wp\/v2\/tags?post=57179"}],"curies":[{"name":"wp","href":"https:\/\/api.w.org\/{rel}","templated":true}]}}