{"id":47810,"date":"2022-10-22T16:29:00","date_gmt":"2022-10-22T21:29:00","guid":{"rendered":"https:\/\/pruebat.online\/?p=47810"},"modified":"2022-10-22T16:29:00","modified_gmt":"2022-10-22T21:29:00","slug":"con-exito-se-desarrollo-el-seminario-internacional-de-familia","status":"publish","type":"post","link":"https:\/\/www.cal.org.pe\/v1\/2022\/10\/22\/con-exito-se-desarrollo-el-seminario-internacional-de-familia\/","title":{"rendered":"Con \u00e9xito se desarroll\u00f3 el Seminario Internacional de Familia"},"content":{"rendered":"\n<p class=\"has-black-color has-text-color\">La Comisi\u00f3n Consultiva de Derecho de Familia B y la Comisi\u00f3n de Estudio de Derecho del Ni\u00f1o y el Adolescente, dirigido por la Direcci\u00f3n de Comisiones y Consultas de Colegio de Abogados de Lima, llev\u00f3 a cabo el s\u00e1bado 22 de octubre del presente en el auditorio Jos\u00e9 Le\u00f3n Barandiar\u00e1n, el Seminario de el Derecho a vivir en Familia y el derecho a la opini\u00f3n y participaci\u00f3n del Ni\u00f1o y Adolescente.<\/p>\n\n\n\n<p class=\"has-black-color has-text-color\">Este <a><\/a>magno evento cont\u00f3 con la presencia de los siguientes ponentes:<\/p>\n\n\n\n<p class=\"has-black-color has-text-color\">Carlos Villagrasa Alcalde- Director de Derecho y Familia e Infancia<\/p>\n\n\n\n<p class=\"has-black-color has-text-color\">V\u00edctor Giorgi- Pdte. del Instituto Interamericano del Ni\u00f1o, ni\u00f1a y Adolescente<\/p>\n\n\n\n<p class=\"has-black-color has-text-color\">Luis Albernaz- Coordinador del \u00e1rea de Promoci\u00f3n y Protecci\u00f3n del Derecho del INN- OEA<\/p>\n\n\n\n<p class=\"has-black-color has-text-color\">Margarita Renteria Durand- Pdta. de la Comisi\u00f3n e los Derechos del Ni\u00f1o y el Adolescente- Miembro de la Comisi\u00f3n Consultiva de Derecho de Familia del CAL<\/p>\n\n\n\n<p class=\"has-black-color has-text-color\">DEPARTAMENTO DE PRENSA<\/p>\n\n\n\n<p class=\"has-black-color has-text-color\">Violeta Gonz\u00e1les Paz<\/p>\n","protected":false},"excerpt":{"rendered":"<p>La Comisi\u00f3n Consultiva de Derecho de Familia B y la Comisi\u00f3n de Estudio de Derecho del Ni\u00f1o y el Adolescente, dirigido por la Direcci\u00f3n de Comisiones y Consultas de Colegio de Abogados de Lima, llev\u00f3 a cabo el s\u00e1bado 22 de octubre del presente en el auditorio Jos\u00e9 Le\u00f3n Barandiar\u00e1n, el Seminario de el Derecho a vivir en Familia y el derecho a la opini\u00f3n y participaci\u00f3n del Ni\u00f1o y Adolescente. Este magno evento cont\u00f3 con la presencia de los siguientes ponentes: Carlos Villagrasa Alcalde- Director de Derecho y Familia e Infancia V\u00edctor Giorgi- Pdte. del Instituto Interamericano del Ni\u00f1o, ni\u00f1a y Adolescente Luis Albernaz- Coordinador del \u00e1rea de Promoci\u00f3n y Protecci\u00f3n del Derecho del INN- OEA Margarita Renteria Durand- Pdta. de la Comisi\u00f3n e los Derechos del Ni\u00f1o y el Adolescente- Miembro de la Comisi\u00f3n Consultiva de Derecho de Familia del CAL DEPARTAMENTO DE PRENSA Violeta Gonz\u00e1les Paz<\/p>\n","protected":false},"author":4,"featured_media":47593,"comment_status":"closed","ping_status":"closed","sticky":false,"template":"","format":"standard","meta":{"pagelayer_contact_templates":[],"_pagelayer_content":"","footnotes":""},"categories":[35],"tags":[],"class_list":["post-47810","post","type-post","status-publish","format-standard","has-post-thumbnail","hentry","category-comisiones-y-consultas"],"rttpg_featured_image_url":{"full":["https:\/\/www.cal.org.pe\/v1\/wp-content\/uploads\/2022\/07\/PORTADA-DE-PUBLICACIONES-CAL-1.jpg",1080,736,false],"landscape":["https:\/\/www.cal.org.pe\/v1\/wp-content\/uploads\/2022\/07\/PORTADA-DE-PUBLICACIONES-CAL-1.jpg",1080,736,false],"portraits":["https:\/\/www.cal.org.pe\/v1\/wp-content\/uploads\/2022\/07\/PORTADA-DE-PUBLICACIONES-CAL-1.jpg",1080,736,false],"thumbnail":["https:\/\/www.cal.org.pe\/v1\/wp-content\/uploads\/2022\/07\/PORTADA-DE-PUBLICACIONES-CAL-1-150x150.jpg",150,150,true],"medium":["https:\/\/www.cal.org.pe\/v1\/wp-content\/uploads\/2022\/07\/PORTADA-DE-PUBLICACIONES-CAL-1-300x204.jpg",300,204,true],"large":["https:\/\/www.cal.org.pe\/v1\/wp-content\/uploads\/2022\/07\/PORTADA-DE-PUBLICACIONES-CAL-1-1024x698.jpg",1024,698,true],"1536x1536":["https:\/\/www.cal.org.pe\/v1\/wp-content\/uploads\/2022\/07\/PORTADA-DE-PUBLICACIONES-CAL-1.jpg",1080,736,false],"2048x2048":["https:\/\/www.cal.org.pe\/v1\/wp-content\/uploads\/2022\/07\/PORTADA-DE-PUBLICACIONES-CAL-1.jpg",1080,736,false]},"rttpg_author":{"display_name":"webmastercal","author_link":"https:\/\/www.cal.org.pe\/v1\/author\/webmastercal\/"},"rttpg_comment":0,"rttpg_category":"<a href=\"https:\/\/www.cal.org.pe\/v1\/category\/comisiones-y-consultas\/\" rel=\"category tag\">Comisiones y consultas<\/a>","rttpg_excerpt":"La Comisi\u00f3n Consultiva de Derecho de Familia B y la Comisi\u00f3n de Estudio de Derecho del Ni\u00f1o y el Adolescente, dirigido por la Direcci\u00f3n de Comisiones y Consultas de Colegio de Abogados de Lima, llev\u00f3 a cabo el s\u00e1bado 22 de octubre del presente en el auditorio Jos\u00e9 Le\u00f3n Barandiar\u00e1n, el Seminario de el Derecho&hellip;","_links":{"self":[{"href":"https:\/\/www.cal.org.pe\/v1\/wp-json\/wp\/v2\/posts\/47810","targetHints":{"allow":["GET"]}}],"collection":[{"href":"https:\/\/www.cal.org.pe\/v1\/wp-json\/wp\/v2\/posts"}],"about":[{"href":"https:\/\/www.cal.org.pe\/v1\/wp-json\/wp\/v2\/types\/post"}],"author":[{"embeddable":true,"href":"https:\/\/www.cal.org.pe\/v1\/wp-json\/wp\/v2\/users\/4"}],"replies":[{"embeddable":true,"href":"https:\/\/www.cal.org.pe\/v1\/wp-json\/wp\/v2\/comments?post=47810"}],"version-history":[{"count":0,"href":"https:\/\/www.cal.org.pe\/v1\/wp-json\/wp\/v2\/posts\/47810\/revisions"}],"wp:featuredmedia":[{"embeddable":true,"href":"https:\/\/www.cal.org.pe\/v1\/wp-json\/wp\/v2\/media\/47593"}],"wp:attachment":[{"href":"https:\/\/www.cal.org.pe\/v1\/wp-json\/wp\/v2\/media?parent=47810"}],"wp:term":[{"taxonomy":"category","embeddable":true,"href":"https:\/\/www.cal.org.pe\/v1\/wp-json\/wp\/v2\/categories?post=47810"},{"taxonomy":"post_tag","embeddable":true,"href":"https:\/\/www.cal.org.pe\/v1\/wp-json\/wp\/v2\/tags?post=47810"}],"curies":[{"name":"wp","href":"https:\/\/api.w.org\/{rel}","templated":true}]}}