{"id":47671,"date":"2022-10-17T12:38:00","date_gmt":"2022-10-17T17:38:00","guid":{"rendered":"https:\/\/pruebat.online\/?p=47671"},"modified":"2022-10-17T12:38:00","modified_gmt":"2022-10-17T17:38:00","slug":"seminario-internacional-el-derecho-a-vivir-en-familia-y-el-derecho-a-opinion-y-participacion-del-nino-y-el-adolescente","status":"publish","type":"post","link":"https:\/\/www.cal.org.pe\/v1\/2022\/10\/17\/seminario-internacional-el-derecho-a-vivir-en-familia-y-el-derecho-a-opinion-y-participacion-del-nino-y-el-adolescente\/","title":{"rendered":"Seminario Internacional \u00abEl derecho a vivir en familia y el derecho a opini\u00f3n y participaci\u00f3n del ni\u00f1o y el adolescente\u00bb"},"content":{"rendered":"\n<figure class=\"wp-block-image size-large\"><img decoding=\"async\" src=\"https:\/\/pruebat.online\/wp-content\/uploads\/2022\/10\/WhatsApp-Image-2022-10-14-at-12.24.39-PM-730x1024.jpeg\" alt=\"\" class=\"wp-image-47672\"\/><figcaption>omi<\/figcaption><\/figure>\n","protected":false},"excerpt":{"rendered":"","protected":false},"author":4,"featured_media":47673,"comment_status":"closed","ping_status":"closed","sticky":false,"template":"","format":"standard","meta":{"pagelayer_contact_templates":[],"_pagelayer_content":"","footnotes":""},"categories":[35],"tags":[],"class_list":["post-47671","post","type-post","status-publish","format-standard","has-post-thumbnail","hentry","category-comisiones-y-consultas"],"rttpg_featured_image_url":{"full":["https:\/\/www.cal.org.pe\/v1\/wp-content\/uploads\/2022\/10\/P-C-1.jpg",912,640,false],"landscape":["https:\/\/www.cal.org.pe\/v1\/wp-content\/uploads\/2022\/10\/P-C-1.jpg",912,640,false],"portraits":["https:\/\/www.cal.org.pe\/v1\/wp-content\/uploads\/2022\/10\/P-C-1.jpg",912,640,false],"thumbnail":["https:\/\/www.cal.org.pe\/v1\/wp-content\/uploads\/2022\/10\/P-C-1-150x150.jpg",150,150,true],"medium":["https:\/\/www.cal.org.pe\/v1\/wp-content\/uploads\/2022\/10\/P-C-1-300x211.jpg",300,211,true],"large":["https:\/\/www.cal.org.pe\/v1\/wp-content\/uploads\/2022\/10\/P-C-1.jpg",912,640,false],"1536x1536":["https:\/\/www.cal.org.pe\/v1\/wp-content\/uploads\/2022\/10\/P-C-1.jpg",912,640,false],"2048x2048":["https:\/\/www.cal.org.pe\/v1\/wp-content\/uploads\/2022\/10\/P-C-1.jpg",912,640,false]},"rttpg_author":{"display_name":"webmastercal","author_link":"https:\/\/www.cal.org.pe\/v1\/author\/webmastercal\/"},"rttpg_comment":0,"rttpg_category":"<a href=\"https:\/\/www.cal.org.pe\/v1\/category\/comisiones-y-consultas\/\" rel=\"category tag\">Comisiones y consultas<\/a>","rttpg_excerpt":null,"_links":{"self":[{"href":"https:\/\/www.cal.org.pe\/v1\/wp-json\/wp\/v2\/posts\/47671","targetHints":{"allow":["GET"]}}],"collection":[{"href":"https:\/\/www.cal.org.pe\/v1\/wp-json\/wp\/v2\/posts"}],"about":[{"href":"https:\/\/www.cal.org.pe\/v1\/wp-json\/wp\/v2\/types\/post"}],"author":[{"embeddable":true,"href":"https:\/\/www.cal.org.pe\/v1\/wp-json\/wp\/v2\/users\/4"}],"replies":[{"embeddable":true,"href":"https:\/\/www.cal.org.pe\/v1\/wp-json\/wp\/v2\/comments?post=47671"}],"version-history":[{"count":0,"href":"https:\/\/www.cal.org.pe\/v1\/wp-json\/wp\/v2\/posts\/47671\/revisions"}],"wp:featuredmedia":[{"embeddable":true,"href":"https:\/\/www.cal.org.pe\/v1\/wp-json\/wp\/v2\/media\/47673"}],"wp:attachment":[{"href":"https:\/\/www.cal.org.pe\/v1\/wp-json\/wp\/v2\/media?parent=47671"}],"wp:term":[{"taxonomy":"category","embeddable":true,"href":"https:\/\/www.cal.org.pe\/v1\/wp-json\/wp\/v2\/categories?post=47671"},{"taxonomy":"post_tag","embeddable":true,"href":"https:\/\/www.cal.org.pe\/v1\/wp-json\/wp\/v2\/tags?post=47671"}],"curies":[{"name":"wp","href":"https:\/\/api.w.org\/{rel}","templated":true}]}}